{"id":21340,"date":"2020-10-28T22:20:33","date_gmt":"2020-10-28T21:20:33","guid":{"rendered":"https:\/\/acva.sk\/rndr-klaudia-kyselicova-ako-diagnostikovat-autizmus-z-odtlacku-prsta-28-10-2020-vedatour-online-s2e2\/"},"modified":"2022-03-29T08:41:41","modified_gmt":"2022-03-29T06:41:41","slug":"rndr-klaudia-kyselicova-ako-diagnostikovat-autizmus-z-odtlacku-prsta-28-10-2020-vedatour-online-s2e2","status":"publish","type":"post","link":"https:\/\/acva.sk\/en\/rndr-klaudia-kyselicova-ako-diagnostikovat-autizmus-z-odtlacku-prsta-28-10-2020-vedatour-online-s2e2\/","title":{"rendered":"RNDr. Klaudia Kyselicov\u00e1: Ako diagnostikova\u0165 autizmus z\u00a0odtla\u010dku prsta. 28.10.2020, Vedatour online S2E2"},"content":{"rendered":"\n<p><a href=\"https:\/\/vedanadosah.cvtisr.sk\/zdravie\/medicina\/antropologicka-klaudia-kyselicova-znaky-autizmu-hladam-v-odtlackoch-prstov-a-dlani\/\">https:\/\/vedanadosah.cvtisr.sk\/zdravie\/medicina\/antropologicka-klaudia-kyselicova-znaky-autizmu-hladam-v-odtlackoch-prstov-a-dlani\/<\/a><\/p>\n\n<h1 class=\"wp-block-heading\">Antropologi\u010dka Klaudia Kyselicov\u00e1: Znaky autizmu h\u013ead\u00e1m v odtla\u010dkoch prstov a dlan\u00ed<\/h1>\n\n<hr class=\"wp-block-separator\"\/>\n\n<p><img loading=\"lazy\" decoding=\"async\" width=\"760\" height=\"507\" src=\"https:\/\/vedanadosah.cvtisr.sk\/wp-content\/uploads\/importovane\/img\/articles\/Rqvlzv5R.JPG\" alt=\"RNDr. Klaudia Kyselicov&#xE1;, PhD. na Eur&#xF3;pskej noci v&#xFD;skumn&#xED;kov 2019\" srcset=\"https:\/\/vedanadosah.cvtisr.sk\/wp-content\/uploads\/importovane\/img\/articles\/Rqvlzv5R.JPG 760w, https:\/\/vedanadosah.cvtisr.sk\/wp-content\/uploads\/importovane\/img\/articles\/Rqvlzv5R-300x200.jpg 300w, https:\/\/vedanadosah.cvtisr.sk\/wp-content\/uploads\/importovane\/img\/articles\/Rqvlzv5R-220x147.jpg 220w\"\/><\/p>\n\n<p><strong>Odhali\u0165 pr\u00ed\u010dinu autizmu je jednou z\u00a0najv\u00e4\u010d\u0161\u00edch vedeck\u00fdch v\u00fdziev s\u00fa\u010dasnosti. Pochopi\u0165 t\u00fato neurov\u00fdvinov\u00fa diagn\u00f3zu sa sna\u017e\u00ed aj antropologi\u010dka Klaudia Kyselicov\u00e1 z\u00a0Akademick\u00e9ho centra v\u00fdskumu autizmu (ACVA) v Bratislave, ktor\u00e1 pre Vedu na dosah vysvetlila, pre\u010do sa hypot\u00e9zy o\u00a0sp\u00fa\u0161\u0165a\u010doch autizmu zatia\u013e pohybuj\u00fa na tenkom \u013eade.<\/strong><\/p>\n\n<p><em>\u201eAutizmus alebo poruchy autistick\u00e9ho spektra s\u00fa neurov\u00fdvinov\u00e9 poruchy, sp\u00f4soben\u00e9 po\u010detn\u00fdmi genetick\u00fdmi a\u00a0epigenetick\u00fdmi faktormi, z\u00a0ktor\u00fdch dodnes nie s\u00fa v\u0161etky zn\u00e1me alebo uspokojivo objasnen\u00e9,\u201c<\/em>\u00a0hovor\u00ed antropologi\u010dka Klaudia Kyselicov\u00e1, ktor\u00e1 pracuje vo\u00a0Fyziologick\u00e9ho \u00fastave Lek\u00e1rskej fakulty Univerzity Komensk\u00e9ho v\u00a0Bratislave.\u00a0<a href=\"https:\/\/vedanadosah.cvtisr.sk\/hladat?search=autizmus\">Autizmom<\/a>\u00a0sa zaober\u00e1 v\u00a0r\u00e1mci Akademick\u00e9ho centra v\u00fdskumu autizmu (ACVA).<\/p>\n\n<h3 class=\"wp-block-heading\"><strong>Pomer d\u013a\u017eky ukazov\u00e1ka a prstenn\u00edka<\/strong><\/h3>\n\n<p>Autistov \u010dasto odhal\u00ed pr\u00e1ve ich vystupovanie na verejnosti. Zvykn\u00fa ma\u0165 probl\u00e9m v\u00a0soci\u00e1lnej interakcii a\u00a0komunik\u00e1cii, ich z\u00e1ujmy b\u00fdvaj\u00fa rigidn\u00e9 a\u00a0je pre nich typick\u00e9 stereotypn\u00e9 spr\u00e1vanie. Vedci sa v\u0161ak sna\u017eia identifikova\u0165 t\u00fato neurov\u00fdvinov\u00fa poruchu aj na z\u00e1klade in\u00fdch znakov, napr\u00edklad pomeru d\u013a\u017eky druh\u00e9ho a\u00a0\u0161tvrt\u00e9ho prsta na ruke (ukazov\u00e1ka a\u00a0prstenn\u00edka).<\/p>\n\n<p>Doteraj\u0161ie zahrani\u010dn\u00e9 \u0161t\u00fadie pod\u013ea slov Klaudie Kyselicovej d\u00e1vali do s\u00favisu pomer d\u013a\u017eky t\u00fdchto prstov s\u00a0poruchami autistick\u00e9ho spektra. D\u00f4vod je jednoduch\u00fd \u2013 podmie\u0148uje ho p\u00f4sobenie pohlavn\u00fdch horm\u00f3nov na plod po\u010das vn\u00fatromaternicov\u00e9ho v\u00fdvinu.\u00a0<em>\u201eRovnak\u00e9 horm\u00f3ny vpl\u00fdvaj\u00fa na v\u00fdvin pohlavia plodu, na anatomick\u00e9 odli\u0161nosti mozgu a\u00a0s\u00a0t\u00fdm s\u00favisiace psychologick\u00e9 rozdiely medzi mu\u017emi a\u00a0\u017eenami,\u201c<\/em>\u00a0dop\u013a\u0148a a spres\u0148uje, \u017ee plod by pod\u013ea jednej z\u00a0hlavn\u00fdch te\u00f3ri\u00ed o\u00a0vzniku autizmu mohol by\u0165 vo zv\u00fd\u0161enej miere vystaven\u00fd mu\u017esk\u00fdm pohlavn\u00fdm horm\u00f3nom \u2013 androg\u00e9nom.<\/p>\n\n<p><em>\u201eNiektor\u00e9 zahrani\u010dn\u00e9 \u0161t\u00fadie do\u0161li k\u00a0z\u00e1verom, \u017ee u\u00a0\u013eud\u00ed s\u00a0autizmom je pr\u00e1ve pomer ukazov\u00e1ka a\u00a0prstenn\u00edka ni\u017e\u0161\u00ed ako u\u00a0neurotypick\u00fdch \u013eud\u00ed (neautistov) tej istej popul\u00e1cie, teda maj\u00fa dlh\u0161\u00ed \u0161tvrt\u00fd prst. S\u00favis s\u00a0in\u00fdmi prstami nebol preuk\u00e1zan\u00fd,\u201c<\/em>\u00a0ozrejmuje.<\/p>\n\n<p>Z\u00e1rove\u0148 dod\u00e1va, \u017ee existuj\u00fa aj \u0161t\u00fadie, ktor\u00e9 tento predpoklad vyvracaj\u00fa \u2013 niektor\u00e9 u\u00a0det\u00ed sledovali rast prstov v \u0161tvorro\u010dn\u00fdch intervaloch a\u00a0pri\u0161li na to, \u017ee pomer ich d\u013a\u017eky po\u010das dospievania nie je stabiln\u00fd. Vek dospievania a\u00a0ukon\u010denia rastu sa naprie\u010d popul\u00e1ciami m\u00f4\u017ee l\u00ed\u0161i\u0165, aj preto kolegovia Klaudie Kyselicovej z Akademick\u00e9ho centra v\u00fdskumu autizmu (ACVA) aplikuj\u00fa v\u00fdskum pomeru d\u013a\u017eky prstov len na slovensk\u00fa popul\u00e1ciu.<\/p>\n\n<p><em>\u201ePri sk\u00faman\u00ed pomeru d\u013a\u017eky prstov sa n\u00e1m nepotvrdilo, \u017ee by sa u\u00a0det\u00ed s\u00a0poruchou autistick\u00e9ho spektra vo veku od dvoch do p\u00e4tn\u00e1stich rokov l\u00ed\u0161il. \u010co sa t\u00fdka sledovania autistick\u00fdch \u010d\u0155t osobnosti u\u00a0dospel\u00fdch s\u00a0Aspergerov\u00fdm syndr\u00f3mom (porucha autistick\u00e9ho spektra), ani tu sa n\u00e1m nepotvrdil s\u00favis s\u00a0pomerom d\u013a\u017eky ukazov\u00e1ka a\u00a0prstenn\u00edka, tak\u017ee vplyv testoster\u00f3nu, resp.\u00a0androg\u00e9nov na mozog vyv\u00edjaj\u00faceho sa plodu st\u00e1le zost\u00e1va neobjasnen\u00fd,\u201c<\/em>\u00a0vysvet\u013euje v\u00fdskumn\u00ed\u010dka.<\/p>\n\n<figure class=\"wp-block-image\"><img decoding=\"async\" src=\"https:\/\/vedanadosah.cvtisr.sk\/wp-content\/uploads\/importovane\/img\/uploads\/Vx2tqZdm.jpg\" alt=\"\" title=\"\"\/><\/figure>\n\n<p><em>Ilustra\u010dn\u00e9 foto: Pixabay (skalekar1992)<\/em><\/p>\n\n<h3 class=\"wp-block-heading\"><strong>Netypick\u00e9 \u00fatvary na ruk\u00e1ch<\/strong><\/h3>\n\n<p>Slovensk\u00fd v\u00fdskumn\u00fd t\u00edm sa sna\u017e\u00ed n\u00e1js\u0165 telesn\u00fd znak, ktor\u00fd by mohol prezr\u00e1dza\u0165 autizmus, teda by sa vyskytoval u\u00a0ka\u017ed\u00e9ho \u010dloveka s\u00a0touto poruchou. Klaudia Kyselicov\u00e1 ho h\u013ead\u00e1 pomocou odtla\u010dkov prstov a\u00a0dlan\u00ed det\u00ed s\u00a0poruchami autistick\u00e9ho spektra:\u00a0<em>\u201eSledujem, \u010di existuj\u00fa rozdiely v\u00a0jednotliv\u00fdch \u00fatvaroch na pravej a\u00a0\u013eavej ruke, \u010di sa u\u00a0nich niektor\u00e9 \u00fatvary vyskytuj\u00fa \u010dastej\u0161ie, alebo v\u00a0ur\u010dit\u00fdch kombin\u00e1ci\u00e1ch, pr\u00edpadne ch\u00fdbaj\u00fa. Odtla\u010dky prstov sa po\u010das \u017eivota nemenia, asymetria v\u00a0ich utv\u00e1ran\u00ed na pravej a\u00a0\u013eavej ruke (diskonkordancia) je indik\u00e1torom v\u00fdvinovej nestability. Sved\u010d\u00ed o\u00a0pr\u00edtomnosti ru\u0161iv\u00fdch vplyvov prostredia (infekcie, zne\u010disten\u00e9 ovzdu\u0161ie, parazit\u00e1rne ochorenia, konzum\u00e1cia drog a\u00a0alkoholu) pred 24. t\u00fd\u017ed\u0148om tehotenstva. Ur\u010dit\u00e9 odli\u0161nosti boli preuk\u00e1zan\u00e9 u\u00a0schizofrenikov a\u00a0aj na mal\u00fdch s\u00faboroch autistov. V\u00e4\u010d\u0161inou boli sk\u00faman\u00e9 len prvostup\u0148ov\u00e9 \u00fatvary, ktor\u00e9 s\u00fa vidite\u013en\u00e9 aj vo\u013en\u00fdm okom, preto sa chyst\u00e1m zanalyzova\u0165 aj druho- a\u00a0tre\u0165ostup\u0148ov\u00e9 detaily.\u201c<\/em><\/p>\n\n<h3 class=\"wp-block-heading\"><strong>Extr\u00e9mna forma mu\u017esk\u00e9ho mozgu?<\/strong><\/h3>\n\n<p>Zamie\u0161a\u0165 karty pri v\u00fdskume autizmu by mohla aj ned\u00e1vna \u0161t\u00fadia. Jej autorom je profesor v\u00fdvinovej psychopatol\u00f3gie Simon Baron-Cohen. Tvrd\u00ed, \u017ee na v\u00fdvin \u201eautistick\u00e9ho mozgu\u201c v\u00a0prenat\u00e1lnom \u0161t\u00e1diu maj\u00fa v\u00fdrazn\u00fd vplyv nielen androg\u00e9ny, ako sa doteraz uva\u017eovalo, ale tie\u017e \u017eensk\u00e9 pohlavn\u00e9 horm\u00f3ny, ktor\u00e9 boli obsiahnut\u00e9 v\u00a0plodovej vode matiek odobrat\u00e9 v\u00a014. t\u00fd\u017edni tehotenstva.<\/p>\n\n<p>Prv\u00e1 ve\u013ek\u00e1 te\u00f3ria, ktorej autorom je takisto Simon Baron-Cohen, popisovala \u201eautistick\u00fd mozog\u201c ako extr\u00e9mnu formu mu\u017esk\u00e9ho mozgu \u2013 nielen z\u00a0biologick\u00e9ho, ale aj psychologick\u00e9ho h\u013eadiska, objas\u0148uje antropologi\u010dka. Neuromodula\u010dn\u00fd \u00fa\u010dinok v\u0161ak nemaj\u00fa len androg\u00e9ny, ale aj estrog\u00e9ny:\u00a0<em>\u201e\u00da\u010dinok fet\u00e1lneho testoster\u00f3nu na mozog plodu je k\u013e\u00fa\u010dov\u00fd po\u010das ur\u010dit\u00e9ho obdobia koncom prv\u00e9ho a za\u010diatkom druh\u00e9ho trimestra, ktor\u00e9 Baron-Cohen naz\u00fdva obdob\u00edm prenat\u00e1lnej maskuliniz\u00e1cie. Prenat\u00e1lny estrog\u00e9n v\u0161ak tie\u017e reguluje neurov\u00fdvinov\u00e9 procesy po\u010das tehotenstva aj v\u00a0novorodeneckom obdob\u00ed.\u201c<\/em><\/p>\n\n<p>S\u00edce to znie logicky, no pod\u013ea odborn\u00edkov neexistuje priamy d\u00f4kaz na validitu t\u00fdchto te\u00f3ri\u00ed. Ich autor toti\u017e sk\u00famal len zlo\u017eenie amniotickej tekutiny (plodovej vody), k\u00fdm kontradikt\u00edvne \u0161t\u00fadie merali aj hladiny horm\u00f3nov v\u00a0krvnom s\u00e9re matiek. Endokrinn\u00e9 procesy medzi matkou a\u00a0die\u0165a\u0165om navy\u0161e reguluje aj samotn\u00e1 placenta a\u00a0do \u00favahy vstupuj\u00fa e\u0161te \u010fal\u0161ie faktory, ktor\u00e9 spolu m\u00f4\u017eu s\u00favisie\u0165 \u2013 napr\u00edklad t\u00fd\u017ede\u0148 gravidity, v\u00a0ktorom boli uroben\u00e9 odbery.<\/p>\n\n<h3 class=\"wp-block-heading\"><strong>Zdravotn\u00e9 indik\u00e1tory autizmu<\/strong><\/h3>\n\n<p>Hoci neurov\u00fdvinov\u00fd vznik autizmu ost\u00e1va z\u00e1hadou, v\u00a0postnat\u00e1lnom \u0161t\u00e1diu m\u00f4\u017eu by\u0165 pre poruchu pr\u00edzna\u010dn\u00e9 viacer\u00e9 zdravotn\u00e9 ukazovatele.\u00a0<em>\u201eU\u00a0det\u00ed s\u00a0autizmom sme preuk\u00e1zali \u010dastej\u0161\u00ed v\u00fdskyt sp\u00e1nkov\u00fdch por\u00fach, najm\u00e4 \u0165a\u017ekosti so zasp\u00e1van\u00edm. Venovali sme sa aj v\u00fd\u017eive a\u00a0objavili sme \u010dastej\u0161\u00ed v\u00fdskyt tzv. selektivity \u2013 vyberavosti. Niektor\u00e9 deti s\u00a0autizmom odmietaj\u00fa pestr\u00fa stravu, s\u00a0ob\u013eubou jed\u00e1vaj\u00fa dookola tie ist\u00e9 potraviny. D\u00f4sledkom m\u00f4\u017ee by\u0165 nedostato\u010dn\u00fd pr\u00edjem niektor\u00fdch \u017eiv\u00edn, najm\u00e4 vitam\u00ednov, miner\u00e1lov alebo vl\u00e1kniny. V\u00a0r\u00e1mci Akademick\u00e9ho centra pre v\u00fdskum autizmu sk\u00famame aj zmeny v\u00a0biomechanick\u00fdch vlastnostiach \u010derven\u00fdch krviniek.\u00a0<\/em><em>U\u00a0det\u00ed s\u00a0touto poruchou doch\u00e1dza vplyvom vo\u013en\u00fdch radik\u00e1lov \u010di niektor\u00fdch zl\u00fa\u010den\u00edn kysl\u00edka a dus\u00edka k oxida\u010dn\u00e9mu po\u0161kodeniu r\u00f4znych tkan\u00edv, ako aj \u010derven\u00fdch krviniek. Po\u0161koden\u00e9 krvinky hor\u0161ie prisp\u00f4sobuj\u00fa svoj tvar, \u010do m\u00f4\u017ee vies\u0165 k\u00a0zn\u00ed\u017eeniu kvality prekrvenia v\u00a0r\u00f4znych org\u00e1noch a\u00a0my sa usilujeme zodpoveda\u0165 ot\u00e1zku, \u010di m\u00e1 deformabilita \u010derven\u00fdch krviniek vplyv aj na z\u00e1va\u017enos\u0165 klinick\u00fdch prejavov. Pri sk\u00faman\u00ed be\u017enej popul\u00e1cie sme napr\u00edklad zistili, \u017ee s\u00fa\u00a0<\/em><em>,autistick\u00e9<\/em><em>\u02bd \u010drty osobnosti vo v\u00e4\u010d\u0161ej miere zast\u00fapen\u00e9 u\u00a0\u0161tudentov pr\u00edrodn\u00fdch vied, ako v\u0161eobecn\u00e9 lek\u00e1rstvo a\u00a0biol\u00f3gia, na rozdiel od humanitn\u00fdch vied. U\u00a0\u0161tudentov psychol\u00f3gie bolo\u00a0<\/em><em>,autistick\u00fdch<\/em><em>\u02bd \u010d\u0155t najmenej. S\u00favis\u00ed to zrejme s\u00a0ist\u00fdmi sklonmi ku systemiz\u00e1cii u\u00a0\u013eud\u00ed, ktor\u00ed sa venuj\u00fa pr\u00edrodn\u00fdm ved\u00e1m, a\u00a0naopak, porozumenie \u013eu\u010fom a neverb\u00e1lnej komunik\u00e1cii predisponuje jedinca k \u0161t\u00fadiu psychol\u00f3gie,\u201c<\/em>\u00a0domnieva sa Klaudia Kyselicov\u00e1.<\/p>\n\n<figure class=\"wp-block-image\"><img decoding=\"async\" src=\"https:\/\/vedanadosah.cvtisr.sk\/wp-content\/uploads\/importovane\/img\/uploads\/au4IeDwp.jpg\" alt=\"\" title=\"\"\/><\/figure>\n\n<p><em>Ilustra\u010dn\u00e9 foto: Pixabay (allinonemovie)<\/em><\/p>\n\n<h3 class=\"wp-block-heading\"><strong>Odli\u0161n\u00e9 zlo\u017eenie mikrobi\u00f3mu<\/strong><\/h3>\n\n<p>V\u00fdskumn\u00edci zistili, \u017ee deti s\u00a0autizmom maj\u00fa v\u00a0\u010drev\u00e1ch rozdielny pomer mikroorganizmov kme\u0148ov\u00a0<em>Bacteroidetes a\u00a0Firmicutes. \u201ePri autizme sme tie\u017e zistili vy\u0161\u0161ie hladiny z\u00e1palov\u00fdch ukazovate\u013eovv\u00a0stolici nazna\u010duj\u00facich pr\u00edtomnos\u0165 miernej formy \u010drevn\u00e9ho z\u00e1palu. Ten m\u00f4\u017ee s\u00favisie\u0165 aj s\u00a0vy\u0161\u0161\u00edm v\u00fdskytom tr\u00e1viacich \u0165a\u017ekost\u00ed, ktor\u00fd sa popisuje u\u00a0det\u00ed s\u00a0autizmom, najm\u00e4 probl\u00e9my s\u00a0vypr\u00e1zd\u0148ovan\u00edm \u010di nafukovanie. U\u00a0det\u00ed so z\u00e1va\u017enej\u0161\u00edmi\u00a0tr\u00e1viacimi \u0165a\u017ekos\u0165ami sme zistili vy\u0161\u0161\u00ed v\u00fdskyt agres\u00edvneho spr\u00e1vania. Takisto m\u00e1vaj\u00fa vy\u0161\u0161\u00ed v\u00fdskyt por\u00fach imunitn\u00e9ho syst\u00e9mu, alergi\u00ed a\u00a0intoleranci\u00ed. Pr\u00ed\u010diny vzniku autizmu nie s\u00fa doposia\u013e objasnen\u00e9 a\u00a0jedna z\u00a0te\u00f3rii sna\u017eiacich sa o\u00a0objasnenie pr\u00ed\u010din autizmu popisuje t\u00fato poruchu ako d\u00f4sledok imunitnej dysfunkcie,\u201c<\/em>\u00a0pribli\u017euje antropologi\u010dka.<\/p>\n\n<p>V\u00a0neposlednom rade by mohlo by\u0165 vyvol\u00e1vaj\u00facim faktorom poruchy aj \u017eivotn\u00e9 prostredie, respekt\u00edve enviroment\u00e1lne vplyvy p\u00f4sobiace pred po\u010dat\u00edm i\u00a0po \u0148om. Ako dop\u013a\u0148a v\u00fdskumn\u00ed\u010dka z Akademick\u00e9ho centra v\u00fdskumu autizmu (ACVA), predned\u00e1vnom americk\u00ed vedci pouk\u00e1zali na to, \u017ee autizmus bol \u010dastej\u0161\u00ed u\u00a0det\u00ed, ktor\u00fdch matky b\u00fdvali v\u00a0obdob\u00ed tehotenstva vo vzdialenosti do dvoch kilometrov od po\u013enohospod\u00e1rskej oblasti, kde sa pou\u017e\u00edvali neurotoxick\u00e9 pestic\u00eddy.\u00a0<em>\u201eV\u00a0najbli\u017e\u0161ej dobe sa aj n\u00e1\u0161 t\u00edm chyst\u00e1 vyda\u0165 dotazn\u00edk na zber epidemiologick\u00fdch d\u00e1t a\u00a0zisti\u0165, ktor\u00e9 \u010fal\u0161ie environment\u00e1lne faktory zvy\u0161uj\u00fa riziko autizmu,\u201c<\/em>\u00a0doplnila Klaudia Kyselicov\u00e1 z\u00a0ACVA.<\/p>\n\n<p>Inform\u00e1cie poskytla: RNDr. Klaudia Kyselicov\u00e1, PhD.<\/p>\n\n<p>Spracovala: Zuzana Hrub\u00e1, NCP VaT pri CVTI SR<\/p>\n\n<p>Foto: Zuzana Hrub\u00e1, NCP VaT pri CVTI SR<\/p>\n\n<p>Ilustra\u010dn\u00e9 foto: Pixabay (<a href=\"https:\/\/pixabay.com\/sk\/users\/skalekar1992-7886055\/\" target=\"_blank\" rel=\"noreferrer noopener\">skalekar1992<\/a>,\u00a0<a href=\"https:\/\/pixabay.com\/sk\/users\/allinonemovie-201131\/\" target=\"_blank\" rel=\"noreferrer noopener\">allinonemovie<\/a>)<\/p>\n","protected":false},"excerpt":{"rendered":"<p>https:\/\/vedanadosah.cvtisr.sk\/zdravie\/medicina\/antropologicka-klaudia-kyselicova-znaky-autizmu-hladam-v-odtlackoch-prstov-a-dlani\/ Antropologi\u010dka Klaudia Kyselicov\u00e1: Znaky autizmu h\u013ead\u00e1m v odtla\u010dkoch prstov a dlan\u00ed Odhali\u0165 pr\u00ed\u010dinu autizmu je jednou z\u00a0najv\u00e4\u010d\u0161\u00edch vedeck\u00fdch v\u00fdziev s\u00fa\u010dasnosti. Pochopi\u0165 t\u00fato neurov\u00fdvinov\u00fa diagn\u00f3zu sa sna\u017e\u00ed aj antropologi\u010dka Klaudia Kyselicov\u00e1 z\u00a0Akademick\u00e9ho centra v\u00fdskumu autizmu (ACVA) v Bratislave, ktor\u00e1 pre Vedu na dosah vysvetlila, pre\u010do sa hypot\u00e9zy o\u00a0sp\u00fa\u0161\u0165a\u010doch autizmu zatia\u013e pohybuj\u00fa na tenkom \u013eade. \u201eAutizmus<\/p>\n","protected":false},"author":1,"featured_media":18605,"comment_status":"closed","ping_status":"closed","sticky":false,"template":"","format":"standard","meta":{"_eb_attr":"","footnotes":""},"categories":[92],"tags":[],"class_list":["post-21340","post","type-post","status-publish","format-standard","has-post-thumbnail","hentry","category-media-en"],"_links":{"self":[{"href":"https:\/\/acva.sk\/en\/wp-json\/wp\/v2\/posts\/21340","targetHints":{"allow":["GET"]}}],"collection":[{"href":"https:\/\/acva.sk\/en\/wp-json\/wp\/v2\/posts"}],"about":[{"href":"https:\/\/acva.sk\/en\/wp-json\/wp\/v2\/types\/post"}],"author":[{"embeddable":true,"href":"https:\/\/acva.sk\/en\/wp-json\/wp\/v2\/users\/1"}],"replies":[{"embeddable":true,"href":"https:\/\/acva.sk\/en\/wp-json\/wp\/v2\/comments?post=21340"}],"version-history":[{"count":2,"href":"https:\/\/acva.sk\/en\/wp-json\/wp\/v2\/posts\/21340\/revisions"}],"predecessor-version":[{"id":22160,"href":"https:\/\/acva.sk\/en\/wp-json\/wp\/v2\/posts\/21340\/revisions\/22160"}],"wp:featuredmedia":[{"embeddable":true,"href":"https:\/\/acva.sk\/en\/wp-json\/wp\/v2\/media\/18605"}],"wp:attachment":[{"href":"https:\/\/acva.sk\/en\/wp-json\/wp\/v2\/media?parent=21340"}],"wp:term":[{"taxonomy":"category","embeddable":true,"href":"https:\/\/acva.sk\/en\/wp-json\/wp\/v2\/categories?post=21340"},{"taxonomy":"post_tag","embeddable":true,"href":"https:\/\/acva.sk\/en\/wp-json\/wp\/v2\/tags?post=21340"}],"curies":[{"name":"wp","href":"https:\/\/api.w.org\/{rel}","templated":true}]}}