{"id":21338,"date":"2020-12-16T22:11:06","date_gmt":"2020-12-16T21:11:06","guid":{"rendered":"https:\/\/acva.sk\/vedecka-cukraren-os-mozog-a-crevo-doc-mudr-k-babinska-phd-16-12-2020-1000\/"},"modified":"2022-03-29T08:40:35","modified_gmt":"2022-03-29T06:40:35","slug":"vedecka-cukraren-os-mozog-a-crevo-doc-mudr-k-babinska-phd-16-12-2020-1000","status":"publish","type":"post","link":"https:\/\/acva.sk\/en\/vedecka-cukraren-os-mozog-a-crevo-doc-mudr-k-babinska-phd-16-12-2020-1000\/","title":{"rendered":"Vedeck\u00e1 cukr\u00e1re\u0148. Os mozog a\u00a0\u010drevo. Doc. MUDr. K. Babinsk\u00e1, PhD.\u00a0 16.12.2020, 10:00"},"content":{"rendered":"\n<p><a href=\"https:\/\/vedanadosah.cvtisr.sk\/podujatie\/bratislavska-vedecka-cukraren-os-mozog-crevo-ako-vyziva-a-travenie-ovplyvnuju-nase-nalady-a-myslenie\/\">https:\/\/vedanadosah.cvtisr.sk\/podujatie\/bratislavska-vedecka-cukraren-os-mozog-crevo-ako-vyziva-a-travenie-ovplyvnuju-nase-nalady-a-myslenie\/<\/a><\/p>\n\n<p>Vedeck\u00e1 cukr\u00e1re\u0148 sa uskuto\u010dn\u00ed bez pr\u00edtomnosti publika a z\u00e1znam bude zverejnen\u00fd na\u00a0<a href=\"https:\/\/bit.ly\/youtube-CVTISR\" target=\"_blank\" rel=\"noreferrer noopener\">YouTube kan\u00e1li CVTI SR<\/a>.<\/p>\n\n<p>Ot\u00e1zky pre predn\u00e1\u0161aj\u00facu m\u00f4\u017eete nap\u00edsa\u0165 do koment\u00e1ra na\u00a0<strong><a href=\"https:\/\/www.facebook.com\/events\/3565767656871967\/\" target=\"_blank\" rel=\"noreferrer noopener\">Facebooku<\/a><\/strong>.<\/p>\n\n<div class=\"wp-block-image\"><figure class=\"alignleft\"><img decoding=\"async\" src=\"https:\/\/vedanadosah.cvtisr.sk\/wp-content\/uploads\/2020\/11\/Foto-Babinska-2018-490x600.jpg\" alt=\"doc. MUDr. Katar&#xED;na Babinsk&#xE1;, PhD. Zdroj: K. Babinsk&#xE1;\" class=\"wp-image-20769\"\/><\/figure><\/div>\n\n<p>Hos\u0165:\u00a0<strong>doc. MUDr. Katar\u00edna Babinsk\u00e1, PhD.,<br\/><\/strong><a href=\"https:\/\/www.fmed.uniba.sk\/pracoviska\/teoreticke-ustavy\/fyziologicky-ustav-lf-uk\/\" target=\"_blank\" rel=\"noreferrer noopener\">Fyziologick\u00fd \u00fastav<\/a>\u00a0<a href=\"https:\/\/www.fmed.uniba.sk\/\" target=\"_blank\" rel=\"noreferrer noopener\">Lek\u00e1rskej fakulty Univerzity Komensk\u00e9ho<\/a>\u00a0v\u00a0Bratislave<br\/>\u00a0<br\/>D\u00e1tum a \u010das: december 2020<br\/>Miesto:\u00a0<a href=\"https:\/\/bit.ly\/youtube-CVTISR\" target=\"_blank\" rel=\"noreferrer noopener\"><strong>YouTube kan\u00e1l CVTI SR<\/strong><\/a><\/p>\n\n<p>Spr\u00e1vna v\u00fd\u017eiva je d\u00f4le\u017eit\u00e1, to vieme v\u0161etci. No ak\u00e1 v\u00fd\u017eiva je naozaj spr\u00e1vna? \u010casto n\u00e1s l\u00e1kaj\u00fa r\u00f4zne di\u00e9ty, s\u00fa v\u0161ak pr\u00ednosom alebo rizikom pre na\u0161e zdravie? Stravou vy\u017eivujeme nielen svoje telo, ale aj na\u0161ich mikroskopick\u00fdch obyvate\u013eov, ktor\u00ed preb\u00fdvaj\u00fa v tr\u00e1viacom syst\u00e9me. Ak chceme by\u0165 zdrav\u00ed, mali by sme jes\u0165 to, \u010do prospieva n\u00e1m a aj na\u0161ej \u010drevnej mikrobiote. Vedeli ste, \u017ee \u010drevn\u00e1 mikrobiota ovplyv\u0148uje aj n\u00e1\u0161 centr\u00e1lny nervov\u00fd syst\u00e9m?<\/p>\n\n<p>V\u00a0predn\u00e1\u0161ke budeme h\u013eada\u0165 odpovede na v\u0161etky tieto ot\u00e1zky a\u00a0povieme si viac o\u00a0d\u00f4le\u017eitej osi \u201emozog \u2013 \u010drevo\u201c.<\/p>\n\n<p><strong>Doc. MUDr. Katar\u00edna Babinsk\u00e1, PhD.<\/strong>, p\u00f4sob\u00ed vo Fyziologickom \u00fastave Lek\u00e1rskej fakulty Univerzity Komensk\u00e9ho v\u00a0Bratislave. Spolu s\u00a0kolegami sa podie\u013ea na zav\u00e1dzan\u00ed nov\u00fdch foriem v\u00fdu\u010dby medic\u00edny na LFUK, ktor\u00e9 zvy\u0161uj\u00fa pripravenos\u0165 medikov pre prax.\u00a0Oblas\u0165 v\u00fd\u017eivy je jej pr\u00e1cou i\u00a0z\u00e1\u013eubou. Vyu\u010duje fyziol\u00f3giu v\u00fd\u017eivy a dlhodobo sa venuje v\u00fdskumu v\u00fd\u017eivy. V s\u00fa\u010dasnosti je s\u00fa\u010das\u0165ou t\u00edmu, ktor\u00fd sa zaober\u00e1 v\u00fdskumom autizmu, kde sa s\u00fastre\u010fuje najm\u00e4 na v\u00fd\u017eivov\u00e9 probl\u00e9my os\u00f4b s\u00a0autizmom. O\u00a0z\u00e1sad\u00e1ch spr\u00e1vnej v\u00fd\u017eivy nielen predn\u00e1\u0161a, ale sa nimi aj riadi.<\/p>\n\n<p>Okt\u00f3brov\u00e1 vedeck\u00e1 cukr\u00e1re\u0148 je sprievodn\u00fdm podujat\u00edm Festivalu vedy\u00a0<a href=\"https:\/\/www.nocvyskumnikov.sk\/\" target=\"_blank\" rel=\"noreferrer noopener\">Eur\u00f3pska noc v\u00fdskumn\u00edkov 2020<\/a>, ktor\u00fd sa v zmenenej forme a v novom term\u00edne uskuto\u010dn\u00ed aj v roku 2020. Hlavn\u00fd program bude online, v piatok 27. 11. 2020.<\/p>\n\n<p><a href=\"https:\/\/www.youtube.com\/user\/CVTISR\" target=\"_blank\" rel=\"noreferrer noopener\">Youtube kan\u00e1l CVTI SR<\/a>\u00a0so z\u00e1znamami uskuto\u010dnen\u00fdch podujat\u00ed<\/p>\n\n<p><a href=\"https:\/\/sk-sk.facebook.com\/events\/3565767656871967\/\" target=\"_blank\" rel=\"noreferrer noopener\">Podujatie na FB<\/a><\/p>\n\n<p><\/p>\n","protected":false},"excerpt":{"rendered":"<p>https:\/\/vedanadosah.cvtisr.sk\/podujatie\/bratislavska-vedecka-cukraren-os-mozog-crevo-ako-vyziva-a-travenie-ovplyvnuju-nase-nalady-a-myslenie\/ Vedeck\u00e1 cukr\u00e1re\u0148 sa uskuto\u010dn\u00ed bez pr\u00edtomnosti publika a z\u00e1znam bude zverejnen\u00fd na\u00a0YouTube kan\u00e1li CVTI SR. Ot\u00e1zky pre predn\u00e1\u0161aj\u00facu m\u00f4\u017eete nap\u00edsa\u0165 do koment\u00e1ra na\u00a0Facebooku. Hos\u0165:\u00a0doc. MUDr. Katar\u00edna Babinsk\u00e1, PhD.,Fyziologick\u00fd \u00fastav\u00a0Lek\u00e1rskej fakulty Univerzity Komensk\u00e9ho\u00a0v\u00a0Bratislave\u00a0D\u00e1tum a \u010das: december 2020Miesto:\u00a0YouTube kan\u00e1l CVTI SR Spr\u00e1vna v\u00fd\u017eiva je d\u00f4le\u017eit\u00e1, to vieme v\u0161etci. No ak\u00e1 v\u00fd\u017eiva je naozaj spr\u00e1vna? \u010casto n\u00e1s<\/p>\n","protected":false},"author":1,"featured_media":18603,"comment_status":"closed","ping_status":"closed","sticky":false,"template":"","format":"standard","meta":{"_eb_attr":"","footnotes":""},"categories":[92],"tags":[],"class_list":["post-21338","post","type-post","status-publish","format-standard","has-post-thumbnail","hentry","category-media-en"],"_links":{"self":[{"href":"https:\/\/acva.sk\/en\/wp-json\/wp\/v2\/posts\/21338","targetHints":{"allow":["GET"]}}],"collection":[{"href":"https:\/\/acva.sk\/en\/wp-json\/wp\/v2\/posts"}],"about":[{"href":"https:\/\/acva.sk\/en\/wp-json\/wp\/v2\/types\/post"}],"author":[{"embeddable":true,"href":"https:\/\/acva.sk\/en\/wp-json\/wp\/v2\/users\/1"}],"replies":[{"embeddable":true,"href":"https:\/\/acva.sk\/en\/wp-json\/wp\/v2\/comments?post=21338"}],"version-history":[{"count":2,"href":"https:\/\/acva.sk\/en\/wp-json\/wp\/v2\/posts\/21338\/revisions"}],"predecessor-version":[{"id":22156,"href":"https:\/\/acva.sk\/en\/wp-json\/wp\/v2\/posts\/21338\/revisions\/22156"}],"wp:featuredmedia":[{"embeddable":true,"href":"https:\/\/acva.sk\/en\/wp-json\/wp\/v2\/media\/18603"}],"wp:attachment":[{"href":"https:\/\/acva.sk\/en\/wp-json\/wp\/v2\/media?parent=21338"}],"wp:term":[{"taxonomy":"category","embeddable":true,"href":"https:\/\/acva.sk\/en\/wp-json\/wp\/v2\/categories?post=21338"},{"taxonomy":"post_tag","embeddable":true,"href":"https:\/\/acva.sk\/en\/wp-json\/wp\/v2\/tags?post=21338"}],"curies":[{"name":"wp","href":"https:\/\/api.w.org\/{rel}","templated":true}]}}